{"id":79,"date":"2021-04-19T15:24:53","date_gmt":"2021-04-19T18:24:53","guid":{"rendered":"http:\/\/www.cedserj.com.br\/?p=79"},"modified":"2021-06-17T14:46:13","modified_gmt":"2021-06-17T17:46:13","slug":"dia-internacional-da-mulher","status":"publish","type":"post","link":"https:\/\/cedserj.com.br\/en\/dia-internacional-da-mulher\/","title":{"rendered":"Dia Internacional da Mulher"},"content":{"rendered":"<p>Dia 8 de mar\u00e7o, nesse dia celebramos as conquistas femininas. A data frisa a import\u00e2ncia da mulher na sociedade e a hist\u00f3ria da luta pelos seus direitos.\u00a0Os diversos\u00a0movimentos que ocorreram entre 1914 e 1918 tinham o objetivo de alertar sobre o estado insalubre de trabalho que as mulheres estavam sujeitas, al\u00e9m da\u00a0luta\u00a0por melhores condi\u00e7\u00f5es de vida e do direito ao voto.<\/p>\n\n\n\n<p>A data exata \u00e9 controversa, mas o que importa \u00e9 a garantia dos direitos desse grupo que at\u00e9 hoje luta pela igualdade e respeito.<\/p>\n\n\n\n<h3 class=\"wp-block-heading\">Voc\u00ea sabia?<\/h3>\n\n\n\n<p>Em 1910, realizou-se na Dinamarca a \u201c<strong>II Confer\u00eancia Internacional de Mulheres Socialistas<\/strong>\u201c. Na ocasi\u00e3o, Clara Zetkin, do Partido Comunista Alem\u00e3o, prop\u00f4s a cria\u00e7\u00e3o de um dia dedicado \u00e0s mulheres.<\/p>\n\n\n\n<p>Entretanto, a data foi definitivamente institu\u00edda pela ONU no ano de 1975, em homenagem \u00e0 luta e \u00e0s conquistas das mulheres. A escolha do dia 8 de mar\u00e7o, por sua vez, est\u00e1 relacionada com a greve das oper\u00e1rias russas de 1917.<\/p>\n\n\n\n<h3 class=\"wp-block-heading\">Lei Maria da Penha<\/h3>\n\n\n\n<p>No geral, a hist\u00f3ria das mulheres esteve marcada pela submiss\u00e3o, bem como pela viol\u00eancia. A&nbsp; mulher alcan\u00e7ou muitos direitos, por\u00e9m continua lutando por igualdade e respeito, visto que ainda sofrem com o preconceito, a desvaloriza\u00e7\u00e3o e o desrespeito.<\/p>\n\n\n\n<p>No Brasil, foi em 1932, no governo Get\u00falio Vargas, que as mulheres adquiriram o direito ao voto. Em 2006, por sua vez, foi sancionada a Lei n.\u00ba 11.340, de 7 de agosto de 2006, conhecida popularmente como&nbsp;<a href=\"https:\/\/www.todamateria.com.br\/lei-maria-da-penha\/\">Lei Maria da Penha<\/a>. O nome \u00e9 uma homenagem \u00e0 farmac\u00eautica que sofreu viol\u00eancia do marido durante anos.<\/p>\n\n\n\n<p>A lei \u00e9 considerada um marco na hist\u00f3ria de luta das mulheres brasileiras contra a viol\u00eancia dom\u00e9stica.<\/p>\n\n\n\n<div class=\"wp-block-image\"><figure class=\"aligncenter size-large\"><img data-opt-id=507248488  fetchpriority=\"high\" decoding=\"async\" width=\"680\" height=\"453\" src=\"https:\/\/mlzcfy8s4k07.i.optimole.com\/w:auto\/h:auto\/q:mauto\/f:best\/http:\/\/www.cedserj.com.br\/wp-content\/uploads\/2021\/04\/maria-da-penha.jpg\" alt=\"\" class=\"wp-image-80\" srcset=\"https:\/\/mlzcfy8s4k07.i.optimole.com\/w:auto\/h:auto\/q:mauto\/f:best\/https:\/\/cedserj.com.br\/wp-content\/uploads\/2021\/04\/maria-da-penha.jpg 680w, https:\/\/mlzcfy8s4k07.i.optimole.com\/w:auto\/h:auto\/q:mauto\/f:best\/https:\/\/cedserj.com.br\/wp-content\/uploads\/2021\/04\/maria-da-penha.jpg 300w, https:\/\/mlzcfy8s4k07.i.optimole.com\/w:auto\/h:auto\/q:mauto\/f:best\/https:\/\/cedserj.com.br\/wp-content\/uploads\/2021\/04\/maria-da-penha.jpg 16w, https:\/\/mlzcfy8s4k07.i.optimole.com\/w:auto\/h:auto\/q:mauto\/f:best\/https:\/\/cedserj.com.br\/wp-content\/uploads\/2021\/04\/maria-da-penha.jpg 360w\" sizes=\"(max-width: 680px) 100vw, 680px\" \/><figcaption>Maria da Penha: &#8220;Empresas precisam atuar no combate \u00e0 viol\u00eancia dom\u00e9stica antes de homic\u00eddios acometerem seus quadros&#8221;\u00a0(foto\/Divulga\u00e7\u00e3o)<\/figcaption><\/figure><\/div>\n\n\n\n<h3 class=\"wp-block-heading\">Curiosidades sobre o Dia da Mulher<\/h3>\n\n\n\n<ul class=\"wp-block-list\"><li>05 de setembro \u00e9 comemorado o \u201c<em>Dia Internacional da Mulher Ind\u00edgena<\/em>\u201d institu\u00eddo em 1983. A data \u00e9 uma homenagem \u00e0 mulher qu\u00e9chua Bartolina Sisa, esquartejada durante a rebeli\u00e3o anticolonial de T\u00fapac Katari, no Alto Peru (atual Bol\u00edvia).<\/li><li>25 de Novembro \u00e9 comemorado o \u201c<em>Dia Internacional de Combate \u00e0 Viol\u00eancia contra a Mulher<\/em>\u201d institu\u00eddo em 1981, no \u201cPrimeiro Encontro Feminista da latino-americano e do Caribe\u201d, e oficialmente adotado pela ONU em 1999. A data marca o assassinato das revolucion\u00e1rias dominicanas \u201cIrm\u00e3s Mirabal\u201d.<\/li><li>25 de julho \u00e9 comemorado o \u201cDia Nacional de Tereza de Benguela e da Mulher Negra\u201d. A data, institu\u00edda em 2014, \u00e9 uma homenagem \u00e0 l\u00edder quilombola que viveu no Brasil no s\u00e9culo XVIII.<\/li><li>Em 1908, em Nova York, cerca de 15 mil mulheres marcharam reivindicando, dentre outros direitos, o do voto. Elas desfilaram segurando p\u00e3es e rosas, uma vez que o p\u00e3o representava a estabilidade econ\u00f4mica, enquanto as rosas significavam melhor qualidade de vida. Por isso, esse movimento ficou conhecido como \u201cP\u00e3o e Rosas\u201d.<\/li><li>A Marcha Mundial das Mulheres (MMM) \u00e9 um movimento feminista internacional que surgiu em diversos pa\u00edses no dia 8 de mar\u00e7o de 2000, Dia Internacional da Mulher.<\/li><li>Em 2010 no Brasil, a Marcha Mundial das Mulheres (MMM) foi representada pela a\u00e7\u00e3o de 3.000 mulheres que caminharam, durante 10 dias 120 km, de S\u00e3o Paulo a Campinas.<\/li><\/ul>\n\n\n\n<p>O CEDSERJ valoriza essa data e parabeniza todas as suas colaboradoras por esse dia.<\/p>\n\n\n\n<p>Para saber mais, acesse:\u00a0<a href=\"https:\/\/www.todamateria.com.br\/mulheres-extraordinarias-que-fizeram-historia\/\">https:\/\/www.todamateria.com.br\/mulheres-extraordinarias-que-fizeram-historia\/<\/a><\/p>","protected":false},"excerpt":{"rendered":"<p>Dia 8 de mar\u00e7o, nesse dia celebramos as conquistas femininas. A data frisa a import\u00e2ncia da mulher na sociedade e a hist\u00f3ria da luta pelos seus direitos.\u00a0Os diversos\u00a0movimentos que ocorreram entre 1914 e 1918 tinham o objetivo de alertar sobre o estado insalubre de trabalho que as mulheres estavam sujeitas, [&hellip;]<\/p>","protected":false},"author":2,"featured_media":81,"comment_status":"closed","ping_status":"closed","sticky":false,"template":"","format":"standard","meta":{"_themeisle_gutenberg_block_has_review":false,"footnotes":""},"categories":[3],"tags":[],"class_list":["post-79","post","type-post","status-publish","format-standard","has-post-thumbnail","hentry","category-noticias"],"_links":{"self":[{"href":"https:\/\/cedserj.com.br\/en\/wp-json\/wp\/v2\/posts\/79","targetHints":{"allow":["GET"]}}],"collection":[{"href":"https:\/\/cedserj.com.br\/en\/wp-json\/wp\/v2\/posts"}],"about":[{"href":"https:\/\/cedserj.com.br\/en\/wp-json\/wp\/v2\/types\/post"}],"author":[{"embeddable":true,"href":"https:\/\/cedserj.com.br\/en\/wp-json\/wp\/v2\/users\/2"}],"replies":[{"embeddable":true,"href":"https:\/\/cedserj.com.br\/en\/wp-json\/wp\/v2\/comments?post=79"}],"version-history":[{"count":1,"href":"https:\/\/cedserj.com.br\/en\/wp-json\/wp\/v2\/posts\/79\/revisions"}],"predecessor-version":[{"id":82,"href":"https:\/\/cedserj.com.br\/en\/wp-json\/wp\/v2\/posts\/79\/revisions\/82"}],"wp:featuredmedia":[{"embeddable":true,"href":"https:\/\/cedserj.com.br\/en\/wp-json\/wp\/v2\/media\/81"}],"wp:attachment":[{"href":"https:\/\/cedserj.com.br\/en\/wp-json\/wp\/v2\/media?parent=79"}],"wp:term":[{"taxonomy":"category","embeddable":true,"href":"https:\/\/cedserj.com.br\/en\/wp-json\/wp\/v2\/categories?post=79"},{"taxonomy":"post_tag","embeddable":true,"href":"https:\/\/cedserj.com.br\/en\/wp-json\/wp\/v2\/tags?post=79"}],"curies":[{"name":"wp","href":"https:\/\/api.w.org\/{rel}","templated":true}]}}