{"id":76,"date":"2021-04-19T14:44:48","date_gmt":"2021-04-19T17:44:48","guid":{"rendered":"http:\/\/www.cedserj.com.br\/?p=76"},"modified":"2021-06-17T14:46:19","modified_gmt":"2021-06-17T17:46:19","slug":"abril-verde-saude-e-seguranca-do-trabalho","status":"publish","type":"post","link":"https:\/\/cedserj.com.br\/en\/abril-verde-saude-e-seguranca-do-trabalho\/","title":{"rendered":"Abril Verde &#8211; Sa\u00fade e Seguran\u00e7a do Trabalho"},"content":{"rendered":"<p>Durante o m\u00eas de abril, \u00f3rg\u00e3os p\u00fablicos e institui\u00e7\u00f5es engajadas nas quest\u00f5es relativas aos acidentes de trabalho aderem \u00e0 campanha Abril Verde, uma forma de promover a conscientiza\u00e7\u00e3o sobre a import\u00e2ncia da seguran\u00e7a e da sa\u00fade do trabalhador brasileiro.&nbsp;A escolha do m\u00eas de abril est\u00e1 relacionada&nbsp; \u00e0 mem\u00f3ria das v\u00edtimas de acidentes e de doen\u00e7as do trabalho, sendo o dia 28 dedicado a esse acontecimento.<\/p>\n\n\n\n<p>Iniciativa de participa\u00e7\u00e3o espont\u00e2nea que chama a aten\u00e7\u00e3o da sociedade brasileira para a ado\u00e7\u00e3o de uma cultura permanente de preven\u00e7\u00e3o de acidentes do trabalho e doen\u00e7as ocupacionais, o movimento Abril Verde luta para marcar o m\u00eas de abril com a cor da seguran\u00e7a no calend\u00e1rio nacional. A inten\u00e7\u00e3o \u00e9 concentrar anualmente nesse per\u00edodo uma s\u00e9rie de atividades, dando-lhes mais visibilidade e manifesta\u00e7\u00f5es de apoio \u00e0 causa.<\/p>\n\n\n\n<p>Movimentos internacionais como o Outubro Rosa (preven\u00e7\u00e3o do c\u00e2ncer de mama) ou o Novembro Azul (preven\u00e7\u00e3o do c\u00e2ncer de pr\u00f3stata) j\u00e1 s\u00e3o conhecidos da maioria dos brasileiros. No que diz respeito \u00e0 sa\u00fade e seguran\u00e7a do trabalhador, o Abril Verde trilha um caminho semelhante. O objetivo \u00e9 fazer com que a cultura de preven\u00e7\u00e3o no ambiente de trabalho seja propagada e assimilada pelo maior n\u00famero poss\u00edvel de pessoas.<\/p>\n\n\n\n<p>Uma cultura nacional de seguran\u00e7a e sa\u00fade ocupacional \u00e9 aquela em que o direito a um ambiente de trabalho seguro e saud\u00e1vel \u00e9 respeitado em todos os n\u00edveis, onde governos, empregadores e trabalhadores participam ativamente atrav\u00e9s de um sistema de direitos e responsabilidades definidos e onde a maior prioridade seja a preven\u00e7\u00e3o.<\/p>\n\n\n\n<p>Acesse&nbsp;<a href=\"https:\/\/abrilverdeoficial.com.br\/\">https:\/\/abrilverdeoficial.com.br\/<\/a>&nbsp;para saber mais.<\/p>","protected":false},"excerpt":{"rendered":"<p>Durante o m\u00eas de abril, \u00f3rg\u00e3os p\u00fablicos e institui\u00e7\u00f5es engajadas nas quest\u00f5es relativas aos acidentes de trabalho aderem \u00e0 campanha Abril Verde, uma forma de promover a conscientiza\u00e7\u00e3o sobre a import\u00e2ncia da seguran\u00e7a e da sa\u00fade do trabalhador brasileiro.&nbsp;A escolha do m\u00eas de abril est\u00e1 relacionada&nbsp; \u00e0 mem\u00f3ria das v\u00edtimas [&hellip;]<\/p>","protected":false},"author":2,"featured_media":77,"comment_status":"closed","ping_status":"closed","sticky":false,"template":"","format":"standard","meta":{"_themeisle_gutenberg_block_has_review":false,"footnotes":""},"categories":[3],"tags":[],"class_list":["post-76","post","type-post","status-publish","format-standard","has-post-thumbnail","hentry","category-noticias"],"_links":{"self":[{"href":"https:\/\/cedserj.com.br\/en\/wp-json\/wp\/v2\/posts\/76","targetHints":{"allow":["GET"]}}],"collection":[{"href":"https:\/\/cedserj.com.br\/en\/wp-json\/wp\/v2\/posts"}],"about":[{"href":"https:\/\/cedserj.com.br\/en\/wp-json\/wp\/v2\/types\/post"}],"author":[{"embeddable":true,"href":"https:\/\/cedserj.com.br\/en\/wp-json\/wp\/v2\/users\/2"}],"replies":[{"embeddable":true,"href":"https:\/\/cedserj.com.br\/en\/wp-json\/wp\/v2\/comments?post=76"}],"version-history":[{"count":1,"href":"https:\/\/cedserj.com.br\/en\/wp-json\/wp\/v2\/posts\/76\/revisions"}],"predecessor-version":[{"id":78,"href":"https:\/\/cedserj.com.br\/en\/wp-json\/wp\/v2\/posts\/76\/revisions\/78"}],"wp:featuredmedia":[{"embeddable":true,"href":"https:\/\/cedserj.com.br\/en\/wp-json\/wp\/v2\/media\/77"}],"wp:attachment":[{"href":"https:\/\/cedserj.com.br\/en\/wp-json\/wp\/v2\/media?parent=76"}],"wp:term":[{"taxonomy":"category","embeddable":true,"href":"https:\/\/cedserj.com.br\/en\/wp-json\/wp\/v2\/categories?post=76"},{"taxonomy":"post_tag","embeddable":true,"href":"https:\/\/cedserj.com.br\/en\/wp-json\/wp\/v2\/tags?post=76"}],"curies":[{"name":"wp","href":"https:\/\/api.w.org\/{rel}","templated":true}]}}